{"id":1499,"date":"2025-01-20T23:47:10","date_gmt":"2025-01-20T22:47:10","guid":{"rendered":"https:\/\/monfiscal.com\/?p=1499"},"modified":"2025-01-20T23:48:56","modified_gmt":"2025-01-20T22:48:56","slug":"flaix-informatiu-2-2025-fiscalitat-de-les-mesures-aprovades-a-la-llei-1-2025","status":"publish","type":"post","link":"https:\/\/monfiscal.com\/ca\/flaix-informatiu-2-2025-fiscalitat-de-les-mesures-aprovades-a-la-llei-1-2025\/","title":{"rendered":"FLAIX INFORMATIU 2\/2025.- FISCALITAT DE LES MESURES APROVADES A LA LLEI 1\/2025"},"content":{"rendered":"\n<p>Breus comentaris pel que fa a l&#8217;IRPF a all\u00f2 aprovat a la Llei Org\u00e0nica 1\/2025, de 2 de gener, de mesures en mat\u00e8ria d&#8217;efici\u00e8ncia del Servei P\u00fablic de Just\u00edcia.<\/p>\n\n\n\n<p><strong>Introducci\u00f3<\/strong><\/p>\n\n\n\n<p>Les modificacions introdu\u00efdes busquen refor\u00e7ar la seguretat jur\u00eddica i eliminar possibles interpretacions ambig\u00fces respecte a certes indemnitzacions que queden exemptes a l&#8217;impost sobre la renda.<\/p>\n\n\n\n<p>Es revisa l&#8217;exempci\u00f3 de l&#8217;impost per a indemnitzacions per responsabilitat civil derivades de danys personals, permetent que sigui aplicable quan la indemnitzaci\u00f3 sigui pagada en compliment d&#8217;acords de mediaci\u00f3 o altres mitjans legals de resoluci\u00f3 de controv\u00e8rsies, fins i tot si no tenen una quantia fixada pr\u00e8viament legal o judicialment.<\/p>\n\n\n\n<p>Aix\u00ed mateix, s&#8217;ajusta el r\u00e8gim fiscal per a anualitats per aliments rebudes dels pares, eliminant dubtes sobre la seva aplicaci\u00f3 a les anualitats establertes en convenis reguladors conforme a l&#8217;article 90 del Codi civil, ja siguin formalitzats davant d&#8217;un lletrat de l&#8217;Administraci\u00f3 de Just\u00edcia o mitjan\u00e7ant escriptura p\u00fablica davant de notari. <\/p>\n\n\n\n<p>Tamb\u00e9 s&#8217;assenyala que aquests convenis poden sorgir de qualsevol mitj\u00e0 adequat de resoluci\u00f3 de controv\u00e8rsies.<\/p>\n\n\n\n<p>Alhora, es modifica l&#8217;exempci\u00f3 fiscal per a indemnitzacions per acomiadament o cessament de treballadors per aclarir que aquestes no poden derivar d&#8217;un pacte, conveni o contracte, fins i tot quan s&#8217;acordin davant d&#8217;un servei administratiu com a pas previ a iniciar un proc\u00e9s judicial.<\/p>\n\n\n\n<p><strong>Indemnitzaci\u00f3 com a conseq\u00fc\u00e8ncia de responsabilitat civil per danys personals, en la quantia legalment o judicialment reconeguda.<\/strong><\/p>\n\n\n\n<p>S&#8217;amplia l&#8217;exempci\u00f3 a l&#8217;IRPF a aquelles indemnitzacions l&#8217;abonament de les quals sigui conseq\u00fc\u00e8ncia d&#8217;un acord de mediaci\u00f3 o de qualsevol altre mitj\u00e0 adequat de soluci\u00f3 de controv\u00e8rsies legalment previst. \u00c9s a dir, l&#8217;exempci\u00f3 no nom\u00e9s arriba a les indemnitzacions fixades legalment o judicialment, sin\u00f3 tamb\u00e9 a les acordades mitjan\u00e7ant el mecanisme de mediaci\u00f3.<\/p>\n\n\n\n<p>A m\u00e9s, s&#8217;exigeix que per obtenir l&#8217;acord hi hagi intervingut un tercer neutral i que s&#8217;hagi elevat a escriptura p\u00fablica.<\/p>\n\n\n\n<p><strong>Indemnitzaci\u00f3 per acomiadament o cessament del treballador<\/strong><\/p>\n\n\n\n<p>La llei de l&#8217;IRPF estableix que les indemnitzacions per acomiadament establertes en virtut de conveni, pacte o contracte no tenen exempci\u00f3. La novetat \u00e9s que s&#8217;especifica que no deriven d&#8217;un pacte, conveni o contracte les indemnitzacions acordades davant del servei administratiu com a pas previ a l&#8217;inici de la via judicial social.<\/p>\n\n\n\n<p><strong>Anualitats per aliments percebudes dels pares<\/strong><\/p>\n\n\n\n<p>Estan exemptes de l&#8217;IRPF les anualitats per aliments percebudes dels pares en virtut de decisi\u00f3 judicial.<\/p>\n\n\n\n<p>Amb aquesta modificaci\u00f3 s&#8217;inclouen a l&#8217;exempci\u00f3 de l&#8217;IRPF les fixades en els convenis reguladors a qu\u00e8 fa refer\u00e8ncia l&#8217;article 90 del Codi civil formalitzats davant de lletrat de l&#8217;Administraci\u00f3 de Just\u00edcia o en escriptura p\u00fablica davant de notari.<\/p>\n\n\n\n<p><strong>Entrada en vigor<\/strong><\/p>\n\n\n\n<p>A partir del 3 d&#8217;abril del 2025<\/p>\n","protected":false},"excerpt":{"rendered":"<p>Breus comentaris pel que fa a l&#8217;IRPF a all\u00f2 aprovat a la Llei Org\u00e0nica 1\/2025, de 2 de gener, de mesures en mat\u00e8ria d&#8217;efici\u00e8ncia del Servei P\u00fablic de Just\u00edcia. Introducci\u00f3 Les modificacions introdu\u00efdes busquen refor\u00e7ar la seguretat jur\u00eddica i eliminar possibles interpretacions ambig\u00fces respecte a certes indemnitzacions que queden exemptes a l&#8217;impost sobre la renda. [&hellip;]<\/p>\n","protected":false},"author":2,"featured_media":0,"comment_status":"closed","ping_status":"closed","sticky":false,"template":"","format":"standard","meta":{"footnotes":""},"categories":[28],"tags":[],"class_list":["post-1499","post","type-post","status-publish","format-standard","hentry","category-flaixos-informatius"],"_links":{"self":[{"href":"https:\/\/monfiscal.com\/ca\/wp-json\/wp\/v2\/posts\/1499","targetHints":{"allow":["GET"]}}],"collection":[{"href":"https:\/\/monfiscal.com\/ca\/wp-json\/wp\/v2\/posts"}],"about":[{"href":"https:\/\/monfiscal.com\/ca\/wp-json\/wp\/v2\/types\/post"}],"author":[{"embeddable":true,"href":"https:\/\/monfiscal.com\/ca\/wp-json\/wp\/v2\/users\/2"}],"replies":[{"embeddable":true,"href":"https:\/\/monfiscal.com\/ca\/wp-json\/wp\/v2\/comments?post=1499"}],"version-history":[{"count":1,"href":"https:\/\/monfiscal.com\/ca\/wp-json\/wp\/v2\/posts\/1499\/revisions"}],"predecessor-version":[{"id":1500,"href":"https:\/\/monfiscal.com\/ca\/wp-json\/wp\/v2\/posts\/1499\/revisions\/1500"}],"wp:attachment":[{"href":"https:\/\/monfiscal.com\/ca\/wp-json\/wp\/v2\/media?parent=1499"}],"wp:term":[{"taxonomy":"category","embeddable":true,"href":"https:\/\/monfiscal.com\/ca\/wp-json\/wp\/v2\/categories?post=1499"},{"taxonomy":"post_tag","embeddable":true,"href":"https:\/\/monfiscal.com\/ca\/wp-json\/wp\/v2\/tags?post=1499"}],"curies":[{"name":"wp","href":"https:\/\/api.w.org\/{rel}","templated":true}]}}